{"id":3934,"date":"2018-09-07T14:01:11","date_gmt":"2018-09-07T12:01:11","guid":{"rendered":"http:\/\/dev.labemacosmetics.com\/?p=3934"},"modified":"2018-09-07T14:01:11","modified_gmt":"2018-09-07T12:01:11","slug":"osez-mascara-colore","status":"publish","type":"post","link":"https:\/\/labemacosmetics.com\/en\/osez-mascara-colore\/","title":{"rendered":"Osez le mascara color\u00e9 !"},"content":{"rendered":"<h3>Les mascaras color\u00e9s ! trucs et astuces<\/h3>\n<p>Quand on parle des mascaras, on pense imm\u00e9diatement au mascara classique, noir. Pourtant, m\u00eame s\u2019il est le plus courant et facile \u00e0 porter, il est loin d\u2019\u00eatre le seul \u00e0 pouvoir sublimer nos cils ! Les versions color\u00e9es permettent elles aussi d\u2019habiller le regard, tout en apportant une touche de fantaisie.<\/p>\n<p><strong>Le mascara marron, pour la jouer discret, mais pas trop<\/strong><\/p>\n<p>Si vous souhaitez changer vos habitudes, mais \u00e9viter un changement trop radical, ou si vous profitez de l\u2019\u00e9t\u00e9 pour partir dans des r\u00e9gions ou pays peu ensoleill\u00e9s, il est pr\u00e9f\u00e9rable d\u2019\u00e9viter les couleurs trop claquantes et de privil\u00e9gier les tons neutres et relativement chauds pour vos\u00a0cils. Le\u00a0mascara\u00a0le plus adapt\u00e9 est le marron, qui s\u2019accorde \u00e0 toutes les carnations.<\/p>\n<p><img fetchpriority=\"high\" decoding=\"async\" class=\"alignnone size-medium wp-image-3935\" src=\"https:\/\/www.labemacosmetics.com\/wp-content\/uploads\/2018\/09\/mascaracolorMarron-1-300x178.jpg\" alt=\"mascara\" width=\"300\" height=\"178\" srcset=\"https:\/\/labemacosmetics.com\/wp-content\/uploads\/2018\/09\/mascaracolorMarron-1-300x178.jpg 300w, https:\/\/labemacosmetics.com\/wp-content\/uploads\/2018\/09\/mascaracolorMarron-1-768x454.jpg 768w, https:\/\/labemacosmetics.com\/wp-content\/uploads\/2018\/09\/mascaracolorMarron-1-51x30.jpg 51w, https:\/\/labemacosmetics.com\/wp-content\/uploads\/2018\/09\/mascaracolorMarron-1-101x60.jpg 101w, https:\/\/labemacosmetics.com\/wp-content\/uploads\/2018\/09\/mascaracolorMarron-1-600x355.jpg 600w, https:\/\/labemacosmetics.com\/wp-content\/uploads\/2018\/09\/mascaracolorMarron-1-150x89.jpg 150w, https:\/\/labemacosmetics.com\/wp-content\/uploads\/2018\/09\/mascaracolorMarron-1.jpg 845w\" sizes=\"(max-width: 300px) 100vw, 300px\" \/><\/p>\n<p><strong>Osez le bleu sur vos cils!<\/strong><\/p>\n<p>Le mascara bleu marine produit un effet velout\u00e9. Ce look branch\u00e9 est irr\u00e9sistible\u00a0: il \u00e9voque les nuits printani\u00e8res encore froides sous un ciel \u00e9toil\u00e9. Si vous encadrez vos yeux d&rsquo;une frange de cils marine, toutes les nuances de vos iris \u00e9tincelleront et brilleront comme les astres lumineux. Vous n&rsquo;\u00eates pas pr\u00eate \u00e0 arborer des cils enti\u00e8rement bleus? Alors utilisez votre mascara brun ou noir habituel, puis appliquez une deuxi\u00e8me couche de marine seulement sur les pointes ou sur les cils du coin externe de l&rsquo;\u0153il.<\/p>\n<p><img decoding=\"async\" class=\"alignnone size-medium wp-image-3936\" src=\"https:\/\/www.labemacosmetics.com\/wp-content\/uploads\/2018\/09\/mascaracolorBleu-1-300x169.jpg\" alt=\"\" width=\"300\" height=\"169\" srcset=\"https:\/\/labemacosmetics.com\/wp-content\/uploads\/2018\/09\/mascaracolorBleu-1-300x169.jpg 300w, https:\/\/labemacosmetics.com\/wp-content\/uploads\/2018\/09\/mascaracolorBleu-1-1024x576.jpg 1024w, https:\/\/labemacosmetics.com\/wp-content\/uploads\/2018\/09\/mascaracolorBleu-1-768x432.jpg 768w, https:\/\/labemacosmetics.com\/wp-content\/uploads\/2018\/09\/mascaracolorBleu-1-53x30.jpg 53w, https:\/\/labemacosmetics.com\/wp-content\/uploads\/2018\/09\/mascaracolorBleu-1-107x60.jpg 107w, https:\/\/labemacosmetics.com\/wp-content\/uploads\/2018\/09\/mascaracolorBleu-1-1170x658.jpg 1170w, https:\/\/labemacosmetics.com\/wp-content\/uploads\/2018\/09\/mascaracolorBleu-1-600x338.jpg 600w, https:\/\/labemacosmetics.com\/wp-content\/uploads\/2018\/09\/mascaracolorBleu-1-150x84.jpg 150w, https:\/\/labemacosmetics.com\/wp-content\/uploads\/2018\/09\/mascaracolorBleu-1.jpg 1280w\" sizes=\"(max-width: 300px) 100vw, 300px\" \/><\/p>\n<p><strong>La Couleur : Vert\u00a0<\/strong><b>\u00c9meraude<\/b><\/p>\n<p>Vert \u00e9meraude, intense et original, ce mascara est assez fonc\u00e9 tout en ayant une couleur tr\u00e8s forte qui apportera un d\u00e9tail hors-du-commun \u00e0 votre maquillage des yeux.<\/p>\n<p><img decoding=\"async\" class=\"alignnone size-medium wp-image-3937\" src=\"https:\/\/www.labemacosmetics.com\/wp-content\/uploads\/2018\/09\/mascaracolorVert-1-300x187.jpg\" alt=\"\" width=\"300\" height=\"187\" srcset=\"https:\/\/labemacosmetics.com\/wp-content\/uploads\/2018\/09\/mascaracolorVert-1-300x187.jpg 300w, https:\/\/labemacosmetics.com\/wp-content\/uploads\/2018\/09\/mascaracolorVert-1-1024x640.jpg 1024w, https:\/\/labemacosmetics.com\/wp-content\/uploads\/2018\/09\/mascaracolorVert-1-768x480.jpg 768w, https:\/\/labemacosmetics.com\/wp-content\/uploads\/2018\/09\/mascaracolorVert-1-1536x960.jpg 1536w, https:\/\/labemacosmetics.com\/wp-content\/uploads\/2018\/09\/mascaracolorVert-1-2048x1280.jpg 2048w, https:\/\/labemacosmetics.com\/wp-content\/uploads\/2018\/09\/mascaracolorVert-1-48x30.jpg 48w, https:\/\/labemacosmetics.com\/wp-content\/uploads\/2018\/09\/mascaracolorVert-1-96x60.jpg 96w, https:\/\/labemacosmetics.com\/wp-content\/uploads\/2018\/09\/mascaracolorVert-1-1170x731.jpg 1170w, https:\/\/labemacosmetics.com\/wp-content\/uploads\/2018\/09\/mascaracolorVert-1-600x375.jpg 600w, https:\/\/labemacosmetics.com\/wp-content\/uploads\/2018\/09\/mascaracolorVert-1-150x94.jpg 150w, https:\/\/labemacosmetics.com\/wp-content\/uploads\/2018\/09\/mascaracolorVert-1-scaled.jpg 1600w\" sizes=\"(max-width: 300px) 100vw, 300px\" \/><\/p>\n<p><strong>Mascara violet : \u00e0 chaque carnation<\/strong><\/p>\n<p>M\u00eame si il para\u00eet difficile \u00e0 porter, le mascara prune convient pourtant \u00e0 toutes les femmes. Voici les r\u00e8gles \u00e0 suivre pour ne pas se tromper.<\/p>\n<p><img loading=\"lazy\" decoding=\"async\" class=\"alignnone size-medium wp-image-3938\" src=\"https:\/\/www.labemacosmetics.com\/wp-content\/uploads\/2018\/09\/mascaraviolet-1-300x300.jpg\" alt=\"\" width=\"300\" height=\"300\" srcset=\"https:\/\/labemacosmetics.com\/wp-content\/uploads\/2018\/09\/mascaraviolet-1-300x300.jpg 300w, https:\/\/labemacosmetics.com\/wp-content\/uploads\/2018\/09\/mascaraviolet-1-1024x1024.jpg 1024w, https:\/\/labemacosmetics.com\/wp-content\/uploads\/2018\/09\/mascaraviolet-1-150x150.jpg 150w, https:\/\/labemacosmetics.com\/wp-content\/uploads\/2018\/09\/mascaraviolet-1-768x768.jpg 768w, https:\/\/labemacosmetics.com\/wp-content\/uploads\/2018\/09\/mascaraviolet-1-30x30.jpg 30w, https:\/\/labemacosmetics.com\/wp-content\/uploads\/2018\/09\/mascaraviolet-1-60x60.jpg 60w, https:\/\/labemacosmetics.com\/wp-content\/uploads\/2018\/09\/mascaraviolet-1-600x600.jpg 600w, https:\/\/labemacosmetics.com\/wp-content\/uploads\/2018\/09\/mascaraviolet-1.jpg 1080w\" sizes=\"(max-width: 300px) 100vw, 300px\" \/><\/p>\n<p><strong>Pour les peaux noires<\/strong>\u00a0tout convient ! On peut porter toutes les teintes color\u00e9es qui ne feront que donner du caract\u00e8re au regard.<\/p>","protected":false},"excerpt":{"rendered":"<p>Les mascaras color\u00e9s ! trucs et astuces Quand on parle des mascaras, on pense imm\u00e9diatement au mascara classique, noir. Pourtant, m\u00eame s\u2019il est le plus courant et facile \u00e0 porter, il est loin d\u2019\u00eatre le seul \u00e0 pouvoir sublimer nos cils ! Les versions color\u00e9es permettent elles aussi d\u2019habiller le regard, tout en apportant une [&hellip;]<\/p>\n","protected":false},"author":1,"featured_media":3939,"comment_status":"open","ping_status":"open","sticky":false,"template":"","format":"standard","meta":{"om_disable_all_campaigns":false,"_mi_skip_tracking":false,"_monsterinsights_sitenote_active":false,"_monsterinsights_sitenote_note":"","_monsterinsights_sitenote_category":0,"footnotes":""},"categories":[444],"tags":[],"class_list":["post-3934","post","type-post","status-publish","format-standard","has-post-thumbnail","hentry","category-non-classe"],"yoast_head":"<!-- This site is optimized with the Yoast SEO Premium plugin v20.8 (Yoast SEO v27.4) - https:\/\/yoast.com\/product\/yoast-seo-premium-wordpress\/ -->\n<title>Osez le mascara color\u00e9 ! - Lab&eacute;ma Cosmetics<\/title>\n<meta name=\"description\" content=\"Quand on parle des mascaras, on pense imm\u00e9diatement au mascara classique, noir. Pourtant, m\u00eame s\u2019il est le plus courant et facile \u00e0 porter\" \/>\n<meta name=\"robots\" content=\"index, follow, max-snippet:-1, max-image-preview:large, max-video-preview:-1\" \/>\n<link rel=\"canonical\" href=\"https:\/\/labemacosmetics.com\/en\/osez-mascara-colore\/\" \/>\n<meta property=\"og:locale\" content=\"en_GB\" \/>\n<meta property=\"og:type\" content=\"article\" \/>\n<meta property=\"og:title\" content=\"Osez le mascara color\u00e9 !\" \/>\n<meta property=\"og:description\" content=\"Quand on parle des mascaras, on pense imm\u00e9diatement au mascara classique, noir. Pourtant, m\u00eame s\u2019il est le plus courant et facile \u00e0 porter\" \/>\n<meta property=\"og:url\" content=\"https:\/\/labemacosmetics.com\/en\/osez-mascara-colore\/\" \/>\n<meta property=\"og:site_name\" content=\"Lab&eacute;ma Cosmetics\" \/>\n<meta property=\"article:publisher\" content=\"http:\/\/www.facebook.com\/labemacosmetics\" \/>\n<meta property=\"article:published_time\" content=\"2018-09-07T12:01:11+00:00\" \/>\n<meta property=\"og:image\" content=\"https:\/\/labemacosmetics.com\/wp-content\/uploads\/2018\/09\/mascaraBG-1.jpg\" \/>\n\t<meta property=\"og:image:width\" content=\"950\" \/>\n\t<meta property=\"og:image:height\" content=\"632\" \/>\n\t<meta property=\"og:image:type\" content=\"image\/jpeg\" \/>\n<meta name=\"author\" content=\"thiemoho\" \/>\n<meta name=\"twitter:card\" content=\"summary_large_image\" \/>\n<meta name=\"twitter:creator\" content=\"@Labemasn\" \/>\n<meta name=\"twitter:site\" content=\"@Labemasn\" \/>\n<meta name=\"twitter:label1\" content=\"Written by\" \/>\n\t<meta name=\"twitter:data1\" content=\"thiemoho\" \/>\n\t<meta name=\"twitter:label2\" content=\"Estimated reading time\" \/>\n\t<meta name=\"twitter:data2\" content=\"2 minutes\" \/>\n<script type=\"application\/ld+json\" class=\"yoast-schema-graph\">{\"@context\":\"https:\\\/\\\/schema.org\",\"@graph\":[{\"@type\":\"Article\",\"@id\":\"https:\\\/\\\/labemacosmetics.com\\\/osez-mascara-colore\\\/#article\",\"isPartOf\":{\"@id\":\"https:\\\/\\\/labemacosmetics.com\\\/osez-mascara-colore\\\/\"},\"author\":{\"name\":\"thiemoho\",\"@id\":\"https:\\\/\\\/labemacosmetics.com\\\/#\\\/schema\\\/person\\\/8d3ab2e713d6716587e505b336c16bca\"},\"headline\":\"Osez le mascara color\u00e9 !\",\"datePublished\":\"2018-09-07T12:01:11+00:00\",\"mainEntityOfPage\":{\"@id\":\"https:\\\/\\\/labemacosmetics.com\\\/osez-mascara-colore\\\/\"},\"wordCount\":327,\"commentCount\":0,\"image\":{\"@id\":\"https:\\\/\\\/labemacosmetics.com\\\/osez-mascara-colore\\\/#primaryimage\"},\"thumbnailUrl\":\"https:\\\/\\\/labemacosmetics.com\\\/wp-content\\\/uploads\\\/2018\\\/09\\\/mascaraBG-1.jpg\",\"articleSection\":[\"Non class\u00e9\"],\"inLanguage\":\"en-GB\",\"potentialAction\":[{\"@type\":\"CommentAction\",\"name\":\"Comment\",\"target\":[\"https:\\\/\\\/labemacosmetics.com\\\/osez-mascara-colore\\\/#respond\"]}]},{\"@type\":\"WebPage\",\"@id\":\"https:\\\/\\\/labemacosmetics.com\\\/osez-mascara-colore\\\/\",\"url\":\"https:\\\/\\\/labemacosmetics.com\\\/osez-mascara-colore\\\/\",\"name\":\"Osez le mascara color\u00e9 ! - Lab&eacute;ma Cosmetics\",\"isPartOf\":{\"@id\":\"https:\\\/\\\/labemacosmetics.com\\\/#website\"},\"primaryImageOfPage\":{\"@id\":\"https:\\\/\\\/labemacosmetics.com\\\/osez-mascara-colore\\\/#primaryimage\"},\"image\":{\"@id\":\"https:\\\/\\\/labemacosmetics.com\\\/osez-mascara-colore\\\/#primaryimage\"},\"thumbnailUrl\":\"https:\\\/\\\/labemacosmetics.com\\\/wp-content\\\/uploads\\\/2018\\\/09\\\/mascaraBG-1.jpg\",\"datePublished\":\"2018-09-07T12:01:11+00:00\",\"author\":{\"@id\":\"https:\\\/\\\/labemacosmetics.com\\\/#\\\/schema\\\/person\\\/8d3ab2e713d6716587e505b336c16bca\"},\"description\":\"Quand on parle des mascaras, on pense imm\u00e9diatement au mascara classique, noir. Pourtant, m\u00eame s\u2019il est le plus courant et facile \u00e0 porter\",\"breadcrumb\":{\"@id\":\"https:\\\/\\\/labemacosmetics.com\\\/osez-mascara-colore\\\/#breadcrumb\"},\"inLanguage\":\"en-GB\",\"potentialAction\":[{\"@type\":\"ReadAction\",\"target\":[\"https:\\\/\\\/labemacosmetics.com\\\/osez-mascara-colore\\\/\"]}]},{\"@type\":\"ImageObject\",\"inLanguage\":\"en-GB\",\"@id\":\"https:\\\/\\\/labemacosmetics.com\\\/osez-mascara-colore\\\/#primaryimage\",\"url\":\"https:\\\/\\\/labemacosmetics.com\\\/wp-content\\\/uploads\\\/2018\\\/09\\\/mascaraBG-1.jpg\",\"contentUrl\":\"https:\\\/\\\/labemacosmetics.com\\\/wp-content\\\/uploads\\\/2018\\\/09\\\/mascaraBG-1.jpg\",\"width\":950,\"height\":632,\"caption\":\"mascaras\"},{\"@type\":\"BreadcrumbList\",\"@id\":\"https:\\\/\\\/labemacosmetics.com\\\/osez-mascara-colore\\\/#breadcrumb\",\"itemListElement\":[{\"@type\":\"ListItem\",\"position\":1,\"name\":\"Accueil\",\"item\":\"https:\\\/\\\/labemacosmetics.com\\\/\"},{\"@type\":\"ListItem\",\"position\":2,\"name\":\"Osez le mascara color\u00e9 !\"}]},{\"@type\":\"WebSite\",\"@id\":\"https:\\\/\\\/labemacosmetics.com\\\/#website\",\"url\":\"https:\\\/\\\/labemacosmetics.com\\\/\",\"name\":\"Lab&eacute;ma Cosmetics\",\"description\":\"\",\"potentialAction\":[{\"@type\":\"SearchAction\",\"target\":{\"@type\":\"EntryPoint\",\"urlTemplate\":\"https:\\\/\\\/labemacosmetics.com\\\/?s={search_term_string}\"},\"query-input\":{\"@type\":\"PropertyValueSpecification\",\"valueRequired\":true,\"valueName\":\"search_term_string\"}}],\"inLanguage\":\"en-GB\"},{\"@type\":\"Person\",\"@id\":\"https:\\\/\\\/labemacosmetics.com\\\/#\\\/schema\\\/person\\\/8d3ab2e713d6716587e505b336c16bca\",\"name\":\"thiemoho\",\"image\":{\"@type\":\"ImageObject\",\"inLanguage\":\"en-GB\",\"@id\":\"https:\\\/\\\/secure.gravatar.com\\\/avatar\\\/da9fc403764701e25a06434f9339b20cb251a6f891be8705a18257c770582151?s=96&d=mm&r=g\",\"url\":\"https:\\\/\\\/secure.gravatar.com\\\/avatar\\\/da9fc403764701e25a06434f9339b20cb251a6f891be8705a18257c770582151?s=96&d=mm&r=g\",\"contentUrl\":\"https:\\\/\\\/secure.gravatar.com\\\/avatar\\\/da9fc403764701e25a06434f9339b20cb251a6f891be8705a18257c770582151?s=96&d=mm&r=g\",\"caption\":\"thiemoho\"},\"url\":\"https:\\\/\\\/labemacosmetics.com\\\/en\\\/author\\\/thiemoho\\\/\"}]}<\/script>\n<!-- \/ Yoast SEO Premium plugin. -->","yoast_head_json":{"title":"Osez le mascara color\u00e9 ! - Lab&eacute;ma Cosmetics","description":"Quand on parle des mascaras, on pense imm\u00e9diatement au mascara classique, noir. Pourtant, m\u00eame s\u2019il est le plus courant et facile \u00e0 porter","robots":{"index":"index","follow":"follow","max-snippet":"max-snippet:-1","max-image-preview":"max-image-preview:large","max-video-preview":"max-video-preview:-1"},"canonical":"https:\/\/labemacosmetics.com\/en\/osez-mascara-colore\/","og_locale":"en_GB","og_type":"article","og_title":"Osez le mascara color\u00e9 !","og_description":"Quand on parle des mascaras, on pense imm\u00e9diatement au mascara classique, noir. Pourtant, m\u00eame s\u2019il est le plus courant et facile \u00e0 porter","og_url":"https:\/\/labemacosmetics.com\/en\/osez-mascara-colore\/","og_site_name":"Lab&eacute;ma Cosmetics","article_publisher":"http:\/\/www.facebook.com\/labemacosmetics","article_published_time":"2018-09-07T12:01:11+00:00","og_image":[{"width":950,"height":632,"url":"https:\/\/labemacosmetics.com\/wp-content\/uploads\/2018\/09\/mascaraBG-1.jpg","type":"image\/jpeg"}],"author":"thiemoho","twitter_card":"summary_large_image","twitter_creator":"@Labemasn","twitter_site":"@Labemasn","twitter_misc":{"Written by":"thiemoho","Estimated reading time":"2 minutes"},"schema":{"@context":"https:\/\/schema.org","@graph":[{"@type":"Article","@id":"https:\/\/labemacosmetics.com\/osez-mascara-colore\/#article","isPartOf":{"@id":"https:\/\/labemacosmetics.com\/osez-mascara-colore\/"},"author":{"name":"thiemoho","@id":"https:\/\/labemacosmetics.com\/#\/schema\/person\/8d3ab2e713d6716587e505b336c16bca"},"headline":"Osez le mascara color\u00e9 !","datePublished":"2018-09-07T12:01:11+00:00","mainEntityOfPage":{"@id":"https:\/\/labemacosmetics.com\/osez-mascara-colore\/"},"wordCount":327,"commentCount":0,"image":{"@id":"https:\/\/labemacosmetics.com\/osez-mascara-colore\/#primaryimage"},"thumbnailUrl":"https:\/\/labemacosmetics.com\/wp-content\/uploads\/2018\/09\/mascaraBG-1.jpg","articleSection":["Non class\u00e9"],"inLanguage":"en-GB","potentialAction":[{"@type":"CommentAction","name":"Comment","target":["https:\/\/labemacosmetics.com\/osez-mascara-colore\/#respond"]}]},{"@type":"WebPage","@id":"https:\/\/labemacosmetics.com\/osez-mascara-colore\/","url":"https:\/\/labemacosmetics.com\/osez-mascara-colore\/","name":"Osez le mascara color\u00e9 ! - Lab&eacute;ma Cosmetics","isPartOf":{"@id":"https:\/\/labemacosmetics.com\/#website"},"primaryImageOfPage":{"@id":"https:\/\/labemacosmetics.com\/osez-mascara-colore\/#primaryimage"},"image":{"@id":"https:\/\/labemacosmetics.com\/osez-mascara-colore\/#primaryimage"},"thumbnailUrl":"https:\/\/labemacosmetics.com\/wp-content\/uploads\/2018\/09\/mascaraBG-1.jpg","datePublished":"2018-09-07T12:01:11+00:00","author":{"@id":"https:\/\/labemacosmetics.com\/#\/schema\/person\/8d3ab2e713d6716587e505b336c16bca"},"description":"Quand on parle des mascaras, on pense imm\u00e9diatement au mascara classique, noir. Pourtant, m\u00eame s\u2019il est le plus courant et facile \u00e0 porter","breadcrumb":{"@id":"https:\/\/labemacosmetics.com\/osez-mascara-colore\/#breadcrumb"},"inLanguage":"en-GB","potentialAction":[{"@type":"ReadAction","target":["https:\/\/labemacosmetics.com\/osez-mascara-colore\/"]}]},{"@type":"ImageObject","inLanguage":"en-GB","@id":"https:\/\/labemacosmetics.com\/osez-mascara-colore\/#primaryimage","url":"https:\/\/labemacosmetics.com\/wp-content\/uploads\/2018\/09\/mascaraBG-1.jpg","contentUrl":"https:\/\/labemacosmetics.com\/wp-content\/uploads\/2018\/09\/mascaraBG-1.jpg","width":950,"height":632,"caption":"mascaras"},{"@type":"BreadcrumbList","@id":"https:\/\/labemacosmetics.com\/osez-mascara-colore\/#breadcrumb","itemListElement":[{"@type":"ListItem","position":1,"name":"Accueil","item":"https:\/\/labemacosmetics.com\/"},{"@type":"ListItem","position":2,"name":"Osez le mascara color\u00e9 !"}]},{"@type":"WebSite","@id":"https:\/\/labemacosmetics.com\/#website","url":"https:\/\/labemacosmetics.com\/","name":"Lab&eacute;ma Cosmetics","description":"","potentialAction":[{"@type":"SearchAction","target":{"@type":"EntryPoint","urlTemplate":"https:\/\/labemacosmetics.com\/?s={search_term_string}"},"query-input":{"@type":"PropertyValueSpecification","valueRequired":true,"valueName":"search_term_string"}}],"inLanguage":"en-GB"},{"@type":"Person","@id":"https:\/\/labemacosmetics.com\/#\/schema\/person\/8d3ab2e713d6716587e505b336c16bca","name":"thiemoho","image":{"@type":"ImageObject","inLanguage":"en-GB","@id":"https:\/\/secure.gravatar.com\/avatar\/da9fc403764701e25a06434f9339b20cb251a6f891be8705a18257c770582151?s=96&d=mm&r=g","url":"https:\/\/secure.gravatar.com\/avatar\/da9fc403764701e25a06434f9339b20cb251a6f891be8705a18257c770582151?s=96&d=mm&r=g","contentUrl":"https:\/\/secure.gravatar.com\/avatar\/da9fc403764701e25a06434f9339b20cb251a6f891be8705a18257c770582151?s=96&d=mm&r=g","caption":"thiemoho"},"url":"https:\/\/labemacosmetics.com\/en\/author\/thiemoho\/"}]}},"_links":{"self":[{"href":"https:\/\/labemacosmetics.com\/en\/wp-json\/wp\/v2\/posts\/3934","targetHints":{"allow":["GET"]}}],"collection":[{"href":"https:\/\/labemacosmetics.com\/en\/wp-json\/wp\/v2\/posts"}],"about":[{"href":"https:\/\/labemacosmetics.com\/en\/wp-json\/wp\/v2\/types\/post"}],"author":[{"embeddable":true,"href":"https:\/\/labemacosmetics.com\/en\/wp-json\/wp\/v2\/users\/1"}],"replies":[{"embeddable":true,"href":"https:\/\/labemacosmetics.com\/en\/wp-json\/wp\/v2\/comments?post=3934"}],"version-history":[{"count":0,"href":"https:\/\/labemacosmetics.com\/en\/wp-json\/wp\/v2\/posts\/3934\/revisions"}],"wp:featuredmedia":[{"embeddable":true,"href":"https:\/\/labemacosmetics.com\/en\/wp-json\/wp\/v2\/media\/3939"}],"wp:attachment":[{"href":"https:\/\/labemacosmetics.com\/en\/wp-json\/wp\/v2\/media?parent=3934"}],"wp:term":[{"taxonomy":"category","embeddable":true,"href":"https:\/\/labemacosmetics.com\/en\/wp-json\/wp\/v2\/categories?post=3934"},{"taxonomy":"post_tag","embeddable":true,"href":"https:\/\/labemacosmetics.com\/en\/wp-json\/wp\/v2\/tags?post=3934"}],"curies":[{"name":"wp","href":"https:\/\/api.w.org\/{rel}","templated":true}]}}